{"id":7509,"date":"2021-06-14T14:43:34","date_gmt":"2021-06-14T18:43:34","guid":{"rendered":"https:\/\/basilian.org\/?p=7509"},"modified":"2021-06-14T14:44:41","modified_gmt":"2021-06-14T18:44:41","slug":"un-basilianos-mas","status":"publish","type":"post","link":"https:\/\/basilian.org\/es\/un-basilianos-mas\/","title":{"rendered":"Un Basilianos m\u00e1s"},"content":{"rendered":"<p>Eduard Alexis Guerrero Castillo CSB profes\u00f3 votos temporales, 13 de junio, en la Parroquia de San Basilio en Medell\u00edn.\u00a0 Padre Pedro Miguel Mora CSB, Superior de los Basilianos en Colombia, recibi\u00f3 los votos en nombre de la Congregaci\u00f3n.\u00a0 Eduard ha ingresado de nuevo a la Congregaci\u00f3n despu\u00e9s de una ausencia de unos a\u00f1os.\u00a0 \u00a1Una feliz vuelta a casa!\u00a0 Va a continuar siendo parte de la comunidad de Casa Annoany en Bogot\u00e1.<\/p>\n<div id=\"wpbgallery_container\"><ul id=\"wpbgallery\" class=\"clearfix\"><li><a href=\"https:\/\/basilian.org\/wp-content\/uploads\/2021\/06\/Castilla-Temporary-Vows08.jpg\" title=\"\" data-gallery=\"\"><img loading=\"lazy\" decoding=\"async\" src=\"https:\/\/basilian.org\/wp-content\/uploads\/2021\/06\/Castilla-Temporary-Vows08-150x150.jpg\" width=\"150\" height=\"150\" alt=\"Castilla Temporary Vows08\" \/><\/a><\/li><li><a href=\"https:\/\/basilian.org\/wp-content\/uploads\/2021\/06\/Castilla-Temporary-Vows06.jpg\" title=\"\" data-gallery=\"\"><img loading=\"lazy\" decoding=\"async\" src=\"https:\/\/basilian.org\/wp-content\/uploads\/2021\/06\/Castilla-Temporary-Vows06-150x150.jpg\" width=\"150\" height=\"150\" alt=\"Castilla Temporary Vows06\" \/><\/a><\/li><li><a href=\"https:\/\/basilian.org\/wp-content\/uploads\/2021\/06\/Castilla-Temporary-Vows01.jpg\" title=\"\" data-gallery=\"\"><img loading=\"lazy\" decoding=\"async\" src=\"https:\/\/basilian.org\/wp-content\/uploads\/2021\/06\/Castilla-Temporary-Vows01-150x150.jpg\" width=\"150\" height=\"150\" alt=\"Castilla Temporary Vows01\" \/><\/a><\/li><li><a href=\"https:\/\/basilian.org\/wp-content\/uploads\/2021\/06\/Castilla-Temporary-Vows02.jpg\" title=\"\" data-gallery=\"\"><img loading=\"lazy\" decoding=\"async\" src=\"https:\/\/basilian.org\/wp-content\/uploads\/2021\/06\/Castilla-Temporary-Vows02-150x150.jpg\" width=\"150\" height=\"150\" alt=\"Castilla Temporary Vows02\" \/><\/a><\/li><li><a href=\"https:\/\/basilian.org\/wp-content\/uploads\/2021\/06\/Castilla-Temporary-Vows05.jpg\" title=\"\" data-gallery=\"\"><img loading=\"lazy\" decoding=\"async\" src=\"https:\/\/basilian.org\/wp-content\/uploads\/2021\/06\/Castilla-Temporary-Vows05-150x150.jpg\" width=\"150\" height=\"150\" alt=\"Castilla Temporary Vows05\" \/><\/a><\/li><li><a href=\"https:\/\/basilian.org\/wp-content\/uploads\/2021\/06\/Castilla-Temporary-Vows09.jpg\" title=\"\" data-gallery=\"\"><img loading=\"lazy\" decoding=\"async\" src=\"https:\/\/basilian.org\/wp-content\/uploads\/2021\/06\/Castilla-Temporary-Vows09-150x150.jpg\" width=\"150\" height=\"150\" alt=\"Castilla Temporary Vows09\" \/><\/a><\/li><li><a href=\"https:\/\/basilian.org\/wp-content\/uploads\/2021\/06\/Castilla-Temporary-Vows04.jpg\" title=\"\" data-gallery=\"\"><img loading=\"lazy\" decoding=\"async\" src=\"https:\/\/basilian.org\/wp-content\/uploads\/2021\/06\/Castilla-Temporary-Vows04-150x150.jpg\" width=\"150\" height=\"150\" alt=\"Castilla Temporary Vows04\" \/><\/a><\/li><li><a href=\"https:\/\/basilian.org\/wp-content\/uploads\/2021\/06\/Castilla-Temporary-Vows03.jpg\" title=\"\" data-gallery=\"\"><img loading=\"lazy\" decoding=\"async\" src=\"https:\/\/basilian.org\/wp-content\/uploads\/2021\/06\/Castilla-Temporary-Vows03-150x150.jpg\" width=\"150\" height=\"150\" alt=\"Castilla Temporary Vows03\" \/><\/a><\/li><\/ul><\/div><div id=\"blueimp-gallery\" class=\"blueimp-gallery\" data-useBootstrapModal=\"1\" data-fullScreen=\"0\">\r\n            <div class=\"slides\"><\/div>\r\n            <h3 class=\"title\"><\/h3><a class=\"prev\">&#xffe9;<\/a>\r\n        <a class=\"next\">&#xffeb;<\/a>\r\n        <a class=\"close\">&#120;<\/a>\r\n        <a class=\"play-pause\"><\/a>\r\n        <ol class=\"indicator\"><\/ol>\r\n        <div class=\"modal fade\">\r\n            <div class=\"modal-dialog\">\r\n                <div class=\"modal-content\">\r\n                    <div class=\"modal-header\">\r\n                        <button type=\"button\" class=\"close\" aria-hidden=\"true\">&times;<\/button>\r\n                        <h4 class=\"modal-title\"><\/h4>\r\n                    <\/div>\r\n                    <div class=\"modal-body next\"><\/div>\r\n                    <div class=\"modal-footer\">\r\n                        <button type=\"button\" class=\"btn btn-default pull-left prev\">\r\n                            Previous\r\n                        <\/button>\r\n                        <button type=\"button\" class=\"btn btn-primary next\">\r\n                            Next\r\n                        <\/button>\r\n                    <\/div>\r\n                <\/div>\r\n            <\/div>\r\n        <\/div>\r\n    <\/div>\n","protected":false},"excerpt":{"rendered":"<p>Eduard Alexis Guerrero Castillo CSB profes\u00f3 votos temporales, 13 de junio, en la Parroquia de San Basilio en Medell\u00edn.\u00a0 Padre Pedro Miguel Mora CSB, Superior de los Basilianos en Colombia, [&hellip;]<\/p>\n","protected":false},"author":282,"featured_media":7487,"comment_status":"closed","ping_status":"closed","sticky":false,"template":"","format":"standard","meta":{"_bbp_topic_count":0,"_bbp_reply_count":0,"_bbp_total_topic_count":0,"_bbp_total_reply_count":0,"_bbp_voice_count":0,"_bbp_anonymous_reply_count":0,"_bbp_topic_count_hidden":0,"_bbp_reply_count_hidden":0,"_bbp_forum_subforum_count":0,"_uag_custom_page_level_css":"","footnotes":""},"categories":[52],"tags":[],"acf":[],"yoast_head":"<!-- This site is optimized with the Yoast SEO plugin v20.3 - https:\/\/yoast.com\/wordpress\/plugins\/seo\/ -->\n<title>Un Basilianos m\u00e1s - Padres Basilianos<\/title>\n<meta name=\"robots\" content=\"index, follow, max-snippet:-1, max-image-preview:large, max-video-preview:-1\" \/>\n<link rel=\"canonical\" href=\"https:\/\/basilian.org\/es\/un-basilianos-mas\/\" \/>\n<meta property=\"og:locale\" content=\"es_MX\" \/>\n<meta property=\"og:type\" content=\"article\" \/>\n<meta property=\"og:title\" content=\"Un Basilianos m\u00e1s - Padres Basilianos\" \/>\n<meta property=\"og:description\" content=\"Eduard Alexis Guerrero Castillo CSB profes\u00f3 votos temporales, 13 de junio, en la Parroquia de San Basilio en Medell\u00edn.\u00a0 Padre Pedro Miguel Mora CSB, Superior de los Basilianos en Colombia, [&hellip;]\" \/>\n<meta property=\"og:url\" content=\"https:\/\/basilian.org\/es\/un-basilianos-mas\/\" \/>\n<meta property=\"og:site_name\" content=\"Padres Basilianos\" \/>\n<meta property=\"article:published_time\" content=\"2021-06-14T18:43:34+00:00\" \/>\n<meta property=\"article:modified_time\" content=\"2021-06-14T18:44:41+00:00\" \/>\n<meta property=\"og:image\" content=\"https:\/\/basilian.org\/wp-content\/uploads\/2021\/06\/201182631_5566410643429953_8478506283125265516_n.jpg\" \/>\n\t<meta property=\"og:image:width\" content=\"718\" \/>\n\t<meta property=\"og:image:height\" content=\"478\" \/>\n\t<meta property=\"og:image:type\" content=\"image\/jpeg\" \/>\n<meta name=\"author\" content=\"Ilya Kovalevskiy\" \/>\n<meta name=\"twitter:card\" content=\"summary_large_image\" \/>\n<meta name=\"twitter:label1\" content=\"Escrito por\" \/>\n\t<meta name=\"twitter:data1\" content=\"Ilya Kovalevskiy\" \/>\n\t<meta name=\"twitter:label2\" content=\"Tiempo de lectura\" \/>\n\t<meta name=\"twitter:data2\" content=\"1 minuto\" \/>\n<script type=\"application\/ld+json\" class=\"yoast-schema-graph\">{\"@context\":\"https:\/\/schema.org\",\"@graph\":[{\"@type\":\"Article\",\"@id\":\"https:\/\/basilian.org\/es\/un-basilianos-mas\/#article\",\"isPartOf\":{\"@id\":\"https:\/\/basilian.org\/es\/un-basilianos-mas\/\"},\"author\":{\"name\":\"Ilya Kovalevskiy\",\"@id\":\"https:\/\/basilian.org\/es\/#\/schema\/person\/6e3c6386736ea490dbd112241a8874c1\"},\"headline\":\"Un Basilianos m\u00e1s\",\"datePublished\":\"2021-06-14T18:43:34+00:00\",\"dateModified\":\"2021-06-14T18:44:41+00:00\",\"mainEntityOfPage\":{\"@id\":\"https:\/\/basilian.org\/es\/un-basilianos-mas\/\"},\"wordCount\":81,\"publisher\":{\"@id\":\"https:\/\/basilian.org\/es\/#organization\"},\"articleSection\":[\"Noticias generales\"],\"inLanguage\":\"es-MX\"},{\"@type\":\"WebPage\",\"@id\":\"https:\/\/basilian.org\/es\/un-basilianos-mas\/\",\"url\":\"https:\/\/basilian.org\/es\/un-basilianos-mas\/\",\"name\":\"Un Basilianos m\u00e1s - Padres Basilianos\",\"isPartOf\":{\"@id\":\"https:\/\/basilian.org\/es\/#website\"},\"datePublished\":\"2021-06-14T18:43:34+00:00\",\"dateModified\":\"2021-06-14T18:44:41+00:00\",\"breadcrumb\":{\"@id\":\"https:\/\/basilian.org\/es\/un-basilianos-mas\/#breadcrumb\"},\"inLanguage\":\"es-MX\",\"potentialAction\":[{\"@type\":\"ReadAction\",\"target\":[\"https:\/\/basilian.org\/es\/un-basilianos-mas\/\"]}]},{\"@type\":\"BreadcrumbList\",\"@id\":\"https:\/\/basilian.org\/es\/un-basilianos-mas\/#breadcrumb\",\"itemListElement\":[{\"@type\":\"ListItem\",\"position\":1,\"name\":\"Home\",\"item\":\"https:\/\/basilian.org\/es\/\"},{\"@type\":\"ListItem\",\"position\":2,\"name\":\"Un Basilianos m\u00e1s\"}]},{\"@type\":\"WebSite\",\"@id\":\"https:\/\/basilian.org\/es\/#website\",\"url\":\"https:\/\/basilian.org\/es\/\",\"name\":\"Padres Basilianos\",\"description\":\"Congregaci\u00f3n de San Basilio\",\"publisher\":{\"@id\":\"https:\/\/basilian.org\/es\/#organization\"},\"potentialAction\":[{\"@type\":\"SearchAction\",\"target\":{\"@type\":\"EntryPoint\",\"urlTemplate\":\"https:\/\/basilian.org\/es\/?s={search_term_string}\"},\"query-input\":\"required name=search_term_string\"}],\"inLanguage\":\"es-MX\"},{\"@type\":\"Organization\",\"@id\":\"https:\/\/basilian.org\/es\/#organization\",\"name\":\"Congregation of St. Basil\",\"url\":\"https:\/\/basilian.org\/es\/\",\"logo\":{\"@type\":\"ImageObject\",\"inLanguage\":\"es-MX\",\"@id\":\"https:\/\/basilian.org\/es\/#\/schema\/logo\/image\/\",\"url\":\"https:\/\/basilian.org\/wp-content\/uploads\/2020\/08\/basilian-crest-new2.png\",\"contentUrl\":\"https:\/\/basilian.org\/wp-content\/uploads\/2020\/08\/basilian-crest-new2.png\",\"width\":250,\"height\":250,\"caption\":\"Congregation of St. Basil\"},\"image\":{\"@id\":\"https:\/\/basilian.org\/es\/#\/schema\/logo\/image\/\"}},{\"@type\":\"Person\",\"@id\":\"https:\/\/basilian.org\/es\/#\/schema\/person\/6e3c6386736ea490dbd112241a8874c1\",\"name\":\"Ilya Kovalevskiy\",\"image\":{\"@type\":\"ImageObject\",\"inLanguage\":\"es-MX\",\"@id\":\"https:\/\/basilian.org\/es\/#\/schema\/person\/image\/\",\"url\":\"https:\/\/secure.gravatar.com\/avatar\/da65155bbe88af2a5041b96031b1e26e?s=96&d=mm&r=g\",\"contentUrl\":\"https:\/\/secure.gravatar.com\/avatar\/da65155bbe88af2a5041b96031b1e26e?s=96&d=mm&r=g\",\"caption\":\"Ilya Kovalevskiy\"},\"url\":\"https:\/\/basilian.org\/es\/author\/ilya_csb\/\"}]}<\/script>\n<!-- \/ Yoast SEO plugin. -->","yoast_head_json":{"title":"Un Basilianos m\u00e1s - Padres Basilianos","robots":{"index":"index","follow":"follow","max-snippet":"max-snippet:-1","max-image-preview":"max-image-preview:large","max-video-preview":"max-video-preview:-1"},"canonical":"https:\/\/basilian.org\/es\/un-basilianos-mas\/","og_locale":"es_MX","og_type":"article","og_title":"Un Basilianos m\u00e1s - Padres Basilianos","og_description":"Eduard Alexis Guerrero Castillo CSB profes\u00f3 votos temporales, 13 de junio, en la Parroquia de San Basilio en Medell\u00edn.\u00a0 Padre Pedro Miguel Mora CSB, Superior de los Basilianos en Colombia, [&hellip;]","og_url":"https:\/\/basilian.org\/es\/un-basilianos-mas\/","og_site_name":"Padres Basilianos","article_published_time":"2021-06-14T18:43:34+00:00","article_modified_time":"2021-06-14T18:44:41+00:00","og_image":[{"width":718,"height":478,"url":"https:\/\/basilian.org\/wp-content\/uploads\/2021\/06\/201182631_5566410643429953_8478506283125265516_n.jpg","type":"image\/jpeg"}],"author":"Ilya Kovalevskiy","twitter_card":"summary_large_image","twitter_misc":{"Escrito por":"Ilya Kovalevskiy","Tiempo de lectura":"1 minuto"},"schema":{"@context":"https:\/\/schema.org","@graph":[{"@type":"Article","@id":"https:\/\/basilian.org\/es\/un-basilianos-mas\/#article","isPartOf":{"@id":"https:\/\/basilian.org\/es\/un-basilianos-mas\/"},"author":{"name":"Ilya Kovalevskiy","@id":"https:\/\/basilian.org\/es\/#\/schema\/person\/6e3c6386736ea490dbd112241a8874c1"},"headline":"Un Basilianos m\u00e1s","datePublished":"2021-06-14T18:43:34+00:00","dateModified":"2021-06-14T18:44:41+00:00","mainEntityOfPage":{"@id":"https:\/\/basilian.org\/es\/un-basilianos-mas\/"},"wordCount":81,"publisher":{"@id":"https:\/\/basilian.org\/es\/#organization"},"articleSection":["Noticias generales"],"inLanguage":"es-MX"},{"@type":"WebPage","@id":"https:\/\/basilian.org\/es\/un-basilianos-mas\/","url":"https:\/\/basilian.org\/es\/un-basilianos-mas\/","name":"Un Basilianos m\u00e1s - Padres Basilianos","isPartOf":{"@id":"https:\/\/basilian.org\/es\/#website"},"datePublished":"2021-06-14T18:43:34+00:00","dateModified":"2021-06-14T18:44:41+00:00","breadcrumb":{"@id":"https:\/\/basilian.org\/es\/un-basilianos-mas\/#breadcrumb"},"inLanguage":"es-MX","potentialAction":[{"@type":"ReadAction","target":["https:\/\/basilian.org\/es\/un-basilianos-mas\/"]}]},{"@type":"BreadcrumbList","@id":"https:\/\/basilian.org\/es\/un-basilianos-mas\/#breadcrumb","itemListElement":[{"@type":"ListItem","position":1,"name":"Home","item":"https:\/\/basilian.org\/es\/"},{"@type":"ListItem","position":2,"name":"Un Basilianos m\u00e1s"}]},{"@type":"WebSite","@id":"https:\/\/basilian.org\/es\/#website","url":"https:\/\/basilian.org\/es\/","name":"Padres Basilianos","description":"Congregaci\u00f3n de San Basilio","publisher":{"@id":"https:\/\/basilian.org\/es\/#organization"},"potentialAction":[{"@type":"SearchAction","target":{"@type":"EntryPoint","urlTemplate":"https:\/\/basilian.org\/es\/?s={search_term_string}"},"query-input":"required name=search_term_string"}],"inLanguage":"es-MX"},{"@type":"Organization","@id":"https:\/\/basilian.org\/es\/#organization","name":"Congregation of St. Basil","url":"https:\/\/basilian.org\/es\/","logo":{"@type":"ImageObject","inLanguage":"es-MX","@id":"https:\/\/basilian.org\/es\/#\/schema\/logo\/image\/","url":"https:\/\/basilian.org\/wp-content\/uploads\/2020\/08\/basilian-crest-new2.png","contentUrl":"https:\/\/basilian.org\/wp-content\/uploads\/2020\/08\/basilian-crest-new2.png","width":250,"height":250,"caption":"Congregation of St. Basil"},"image":{"@id":"https:\/\/basilian.org\/es\/#\/schema\/logo\/image\/"}},{"@type":"Person","@id":"https:\/\/basilian.org\/es\/#\/schema\/person\/6e3c6386736ea490dbd112241a8874c1","name":"Ilya Kovalevskiy","image":{"@type":"ImageObject","inLanguage":"es-MX","@id":"https:\/\/basilian.org\/es\/#\/schema\/person\/image\/","url":"https:\/\/secure.gravatar.com\/avatar\/da65155bbe88af2a5041b96031b1e26e?s=96&d=mm&r=g","contentUrl":"https:\/\/secure.gravatar.com\/avatar\/da65155bbe88af2a5041b96031b1e26e?s=96&d=mm&r=g","caption":"Ilya Kovalevskiy"},"url":"https:\/\/basilian.org\/es\/author\/ilya_csb\/"}]}},"uagb_featured_image_src":{"full":["https:\/\/basilian.org\/wp-content\/uploads\/2021\/06\/201182631_5566410643429953_8478506283125265516_n.jpg",718,478,false],"thumbnail":["https:\/\/basilian.org\/wp-content\/uploads\/2021\/06\/201182631_5566410643429953_8478506283125265516_n-150x150.jpg",150,150,true],"medium":["https:\/\/basilian.org\/wp-content\/uploads\/2021\/06\/201182631_5566410643429953_8478506283125265516_n-300x200.jpg",300,200,true],"medium_large":["https:\/\/basilian.org\/wp-content\/uploads\/2021\/06\/201182631_5566410643429953_8478506283125265516_n.jpg",718,478,false],"large":["https:\/\/basilian.org\/wp-content\/uploads\/2021\/06\/201182631_5566410643429953_8478506283125265516_n.jpg",718,478,false],"wpbgallery_admin_thumb":["https:\/\/basilian.org\/wp-content\/uploads\/2021\/06\/201182631_5566410643429953_8478506283125265516_n-109x109.jpg",109,109,true],"wpbgallery_thumb":["https:\/\/basilian.org\/wp-content\/uploads\/2021\/06\/201182631_5566410643429953_8478506283125265516_n-200x200.jpg",200,200,true],"1536x1536":["https:\/\/basilian.org\/wp-content\/uploads\/2021\/06\/201182631_5566410643429953_8478506283125265516_n.jpg",718,478,false],"2048x2048":["https:\/\/basilian.org\/wp-content\/uploads\/2021\/06\/201182631_5566410643429953_8478506283125265516_n.jpg",718,478,false],"featured":["https:\/\/basilian.org\/wp-content\/uploads\/2021\/06\/201182631_5566410643429953_8478506283125265516_n-713x475.jpg",713,475,true]},"uagb_author_info":{"display_name":"Ilya Kovalevskiy","author_link":"https:\/\/basilian.org\/es\/author\/ilya_csb\/"},"uagb_comment_info":0,"uagb_excerpt":"Eduard Alexis Guerrero Castillo CSB profes\u00f3 votos temporales, 13 de junio, en la Parroquia de San Basilio en Medell\u00edn.\u00a0 Padre Pedro Miguel Mora CSB, Superior de los Basilianos en Colombia, [&hellip;]","_links":{"self":[{"href":"https:\/\/basilian.org\/es\/wp-json\/wp\/v2\/posts\/7509"}],"collection":[{"href":"https:\/\/basilian.org\/es\/wp-json\/wp\/v2\/posts"}],"about":[{"href":"https:\/\/basilian.org\/es\/wp-json\/wp\/v2\/types\/post"}],"author":[{"embeddable":true,"href":"https:\/\/basilian.org\/es\/wp-json\/wp\/v2\/users\/282"}],"replies":[{"embeddable":true,"href":"https:\/\/basilian.org\/es\/wp-json\/wp\/v2\/comments?post=7509"}],"version-history":[{"count":2,"href":"https:\/\/basilian.org\/es\/wp-json\/wp\/v2\/posts\/7509\/revisions"}],"predecessor-version":[{"id":7511,"href":"https:\/\/basilian.org\/es\/wp-json\/wp\/v2\/posts\/7509\/revisions\/7511"}],"wp:featuredmedia":[{"embeddable":true,"href":"https:\/\/basilian.org\/es\/wp-json\/wp\/v2\/media\/7487"}],"wp:attachment":[{"href":"https:\/\/basilian.org\/es\/wp-json\/wp\/v2\/media?parent=7509"}],"wp:term":[{"taxonomy":"category","embeddable":true,"href":"https:\/\/basilian.org\/es\/wp-json\/wp\/v2\/categories?post=7509"},{"taxonomy":"post_tag","embeddable":true,"href":"https:\/\/basilian.org\/es\/wp-json\/wp\/v2\/tags?post=7509"}],"curies":[{"name":"wp","href":"https:\/\/api.w.org\/{rel}","templated":true}]}}