{"id":10045,"date":"2023-03-06T15:20:47","date_gmt":"2023-03-06T20:20:47","guid":{"rendered":"https:\/\/basilian.org\/?p=10045"},"modified":"2023-03-27T10:36:00","modified_gmt":"2023-03-27T14:36:00","slug":"nueva-parroquia-basiliana","status":"publish","type":"post","link":"https:\/\/basilian.org\/es\/nueva-parroquia-basiliana\/","title":{"rendered":"Nueva Parroquia Basiliana"},"content":{"rendered":"<p>La comunidad parroquial de Nuestra Se\u00f1ora de Egipto celebr\u00f3 la entrega de la parroquia a los Padres Basilianos por parte de la Arquidi\u00f3cesis de Bogot\u00e1. El Padre Pedro Miguel Mora Medina, CSB fue instalado como p\u00e1rroco de la nueva parroquia Basiliana en Bogot\u00e1, Colombia por Monse\u00f1or Dar\u00edo \u00c1lvarez Botero, vicario episcopal de la regi\u00f3n arquidiocesana, el domingo 4 de marzo de 2023.<\/p>\n<p><img loading=\"lazy\" decoding=\"async\" class=\"aligncenter wp-image-10029\" src=\"https:\/\/basilian.org\/wp-content\/uploads\/2023\/03\/Our-Lady-of-Egypt-installation-1-300x200.jpg\" alt=\"\" width=\"500\" height=\"333\" srcset=\"https:\/\/basilian.org\/wp-content\/uploads\/2023\/03\/Our-Lady-of-Egypt-installation-1-300x200.jpg 300w, https:\/\/basilian.org\/wp-content\/uploads\/2023\/03\/Our-Lady-of-Egypt-installation-1-1024x683.jpg 1024w, https:\/\/basilian.org\/wp-content\/uploads\/2023\/03\/Our-Lady-of-Egypt-installation-1-768x512.jpg 768w, https:\/\/basilian.org\/wp-content\/uploads\/2023\/03\/Our-Lady-of-Egypt-installation-1-713x475.jpg 713w, https:\/\/basilian.org\/wp-content\/uploads\/2023\/03\/Our-Lady-of-Egypt-installation-1.jpg 1200w\" sizes=\"(max-width: 500px) 100vw, 500px\" \/><\/p>\n<p>Este reciente nombramiento marca el inicio de una nueva era para la vida parroquial. La iglesia recibe su nombre de la narrativa que se encuentra en el segundo cap\u00edtulo del Evangelio de Mateo cuando Mar\u00eda, Jos\u00e9 y Jes\u00fas se vieron obligados a huir a Egipto para escapar de la persecuci\u00f3n del rey Herodes, y da nombre al barrio residencial circundante de \u201cEgipto.\u2019<\/p>\n<p><img loading=\"lazy\" decoding=\"async\" class=\"wp-image-10035\" src=\"https:\/\/basilian.org\/wp-content\/uploads\/2023\/03\/web-Eygpt-1-300x225.png\" alt=\"\" width=\"500\" height=\"375\" srcset=\"https:\/\/basilian.org\/wp-content\/uploads\/2023\/03\/web-Eygpt-1-300x225.png 300w, https:\/\/basilian.org\/wp-content\/uploads\/2023\/03\/web-Eygpt-1-1024x768.png 1024w, https:\/\/basilian.org\/wp-content\/uploads\/2023\/03\/web-Eygpt-1-768x576.png 768w, https:\/\/basilian.org\/wp-content\/uploads\/2023\/03\/web-Eygpt-1-1536x1152.png 1536w, https:\/\/basilian.org\/wp-content\/uploads\/2023\/03\/web-Eygpt-1-2048x1536.png 2048w, https:\/\/basilian.org\/wp-content\/uploads\/2023\/03\/web-Eygpt-1-633x475.png 633w\" sizes=\"(max-width: 500px) 100vw, 500px\" \/><\/p>\n<p>La iglesia data del siglo XVII, pero en los \u00faltimos a\u00f1os ha sufrido abandono debido a la escasez de sacerdotes diocesanos disponibles. La arquidi\u00f3cesis no ha podido asignar a nadie para el ministerio a tiempo completo, por lo que suele estar cerrada durante la semana y abierta s\u00f3lo para una misa los domingos. Nuestra Se\u00f1ora de Egipto est\u00e1 directamente enfrente de Casa Annonay, la residencia basiliana que alberga el noviciado y el escolasticado. Los Basilianos han estado sirviendo en la parroquia a tiempo parcial.<\/p>\n<p><img loading=\"lazy\" decoding=\"async\" class=\"wp-image-10023\" src=\"https:\/\/basilian.org\/wp-content\/uploads\/2023\/03\/Basilian-community-300x200.jpg\" alt=\"\" width=\"500\" height=\"333\" srcset=\"https:\/\/basilian.org\/wp-content\/uploads\/2023\/03\/Basilian-community-300x200.jpg 300w, https:\/\/basilian.org\/wp-content\/uploads\/2023\/03\/Basilian-community-1024x682.jpg 1024w, https:\/\/basilian.org\/wp-content\/uploads\/2023\/03\/Basilian-community-768x512.jpg 768w, https:\/\/basilian.org\/wp-content\/uploads\/2023\/03\/Basilian-community-713x475.jpg 713w, https:\/\/basilian.org\/wp-content\/uploads\/2023\/03\/Basilian-community.jpg 1526w\" sizes=\"(max-width: 500px) 100vw, 500px\" \/><\/p>\n<p>Al padre Mora Medina se unir\u00e1 el padre Juan Rojas Ramos, CSB, que ejercer\u00e1 de vicario. Estos nombramientos fueron ratificados por el Arzobispo de Bogot\u00e1, Monse\u00f1or Luis Jos\u00e9 Rueda Aparicio, el 15 de febrero de 2023. Los escol\u00e1sticos basilianos han estado involucrados en la catequesis y continuar\u00e1n sirviendo en la parroquia. Desde que se confiaron la parroquia a los Basilianos, la asistencia a misa y la participaci\u00f3n en las actividades parroquiales han aumentado enormemente.<\/p>\n<p><img loading=\"lazy\" decoding=\"async\" class=\"aligncenter wp-image-10027\" src=\"https:\/\/basilian.org\/wp-content\/uploads\/2023\/03\/parishoners-2-300x200.jpg\" alt=\"\" width=\"500\" height=\"333\" srcset=\"https:\/\/basilian.org\/wp-content\/uploads\/2023\/03\/parishoners-2-300x200.jpg 300w, https:\/\/basilian.org\/wp-content\/uploads\/2023\/03\/parishoners-2-1024x683.jpg 1024w, https:\/\/basilian.org\/wp-content\/uploads\/2023\/03\/parishoners-2-768x512.jpg 768w, https:\/\/basilian.org\/wp-content\/uploads\/2023\/03\/parishoners-2-713x475.jpg 713w, https:\/\/basilian.org\/wp-content\/uploads\/2023\/03\/parishoners-2.jpg 1200w\" sizes=\"(max-width: 500px) 100vw, 500px\" \/><\/p>\n","protected":false},"excerpt":{"rendered":"<p>La comunidad parroquial de Nuestra Se\u00f1ora de Egipto celebr\u00f3 la entrega de la parroquia a los Padres Basilianos por parte de la Arquidi\u00f3cesis de Bogot\u00e1. El Padre Pedro Miguel Mora [&hellip;]<\/p>\n","protected":false},"author":282,"featured_media":10019,"comment_status":"closed","ping_status":"closed","sticky":false,"template":"","format":"standard","meta":{"_bbp_topic_count":0,"_bbp_reply_count":0,"_bbp_total_topic_count":0,"_bbp_total_reply_count":0,"_bbp_voice_count":0,"_bbp_anonymous_reply_count":0,"_bbp_topic_count_hidden":0,"_bbp_reply_count_hidden":0,"_bbp_forum_subforum_count":0,"_uag_custom_page_level_css":"","footnotes":""},"categories":[52],"tags":[],"acf":[],"yoast_head":"<!-- This site is optimized with the Yoast SEO plugin v20.3 - https:\/\/yoast.com\/wordpress\/plugins\/seo\/ -->\n<title>Nueva Parroquia Basiliana - Padres Basilianos<\/title>\n<meta name=\"robots\" content=\"index, follow, max-snippet:-1, max-image-preview:large, max-video-preview:-1\" \/>\n<link rel=\"canonical\" href=\"https:\/\/basilian.org\/es\/nueva-parroquia-basiliana\/\" \/>\n<meta property=\"og:locale\" content=\"es_MX\" \/>\n<meta property=\"og:type\" content=\"article\" \/>\n<meta property=\"og:title\" content=\"Nueva Parroquia Basiliana - Padres Basilianos\" \/>\n<meta property=\"og:description\" content=\"La comunidad parroquial de Nuestra Se\u00f1ora de Egipto celebr\u00f3 la entrega de la parroquia a los Padres Basilianos por parte de la Arquidi\u00f3cesis de Bogot\u00e1. El Padre Pedro Miguel Mora [&hellip;]\" \/>\n<meta property=\"og:url\" content=\"https:\/\/basilian.org\/es\/nueva-parroquia-basiliana\/\" \/>\n<meta property=\"og:site_name\" content=\"Padres Basilianos\" \/>\n<meta property=\"article:published_time\" content=\"2023-03-06T20:20:47+00:00\" \/>\n<meta property=\"article:modified_time\" content=\"2023-03-27T14:36:00+00:00\" \/>\n<meta property=\"og:image\" content=\"https:\/\/basilian.org\/wp-content\/uploads\/2023\/03\/our-lady-of-egypt-installation.jpg\" \/>\n\t<meta property=\"og:image:width\" content=\"900\" \/>\n\t<meta property=\"og:image:height\" content=\"600\" \/>\n\t<meta property=\"og:image:type\" content=\"image\/jpeg\" \/>\n<meta name=\"author\" content=\"Ilya Kovalevskiy\" \/>\n<meta name=\"twitter:card\" content=\"summary_large_image\" \/>\n<meta name=\"twitter:label1\" content=\"Escrito por\" \/>\n\t<meta name=\"twitter:data1\" content=\"Ilya Kovalevskiy\" \/>\n\t<meta name=\"twitter:label2\" content=\"Tiempo de lectura\" \/>\n\t<meta name=\"twitter:data2\" content=\"3 minutos\" \/>\n<script type=\"application\/ld+json\" class=\"yoast-schema-graph\">{\"@context\":\"https:\/\/schema.org\",\"@graph\":[{\"@type\":\"Article\",\"@id\":\"https:\/\/basilian.org\/es\/nueva-parroquia-basiliana\/#article\",\"isPartOf\":{\"@id\":\"https:\/\/basilian.org\/es\/nueva-parroquia-basiliana\/\"},\"author\":{\"name\":\"Ilya Kovalevskiy\",\"@id\":\"https:\/\/basilian.org\/es\/#\/schema\/person\/6e3c6386736ea490dbd112241a8874c1\"},\"headline\":\"Nueva Parroquia Basiliana\",\"datePublished\":\"2023-03-06T20:20:47+00:00\",\"dateModified\":\"2023-03-27T14:36:00+00:00\",\"mainEntityOfPage\":{\"@id\":\"https:\/\/basilian.org\/es\/nueva-parroquia-basiliana\/\"},\"wordCount\":299,\"publisher\":{\"@id\":\"https:\/\/basilian.org\/es\/#organization\"},\"articleSection\":[\"Noticias generales\"],\"inLanguage\":\"es-MX\"},{\"@type\":\"WebPage\",\"@id\":\"https:\/\/basilian.org\/es\/nueva-parroquia-basiliana\/\",\"url\":\"https:\/\/basilian.org\/es\/nueva-parroquia-basiliana\/\",\"name\":\"Nueva Parroquia Basiliana - Padres Basilianos\",\"isPartOf\":{\"@id\":\"https:\/\/basilian.org\/es\/#website\"},\"datePublished\":\"2023-03-06T20:20:47+00:00\",\"dateModified\":\"2023-03-27T14:36:00+00:00\",\"breadcrumb\":{\"@id\":\"https:\/\/basilian.org\/es\/nueva-parroquia-basiliana\/#breadcrumb\"},\"inLanguage\":\"es-MX\",\"potentialAction\":[{\"@type\":\"ReadAction\",\"target\":[\"https:\/\/basilian.org\/es\/nueva-parroquia-basiliana\/\"]}]},{\"@type\":\"BreadcrumbList\",\"@id\":\"https:\/\/basilian.org\/es\/nueva-parroquia-basiliana\/#breadcrumb\",\"itemListElement\":[{\"@type\":\"ListItem\",\"position\":1,\"name\":\"Home\",\"item\":\"https:\/\/basilian.org\/es\/\"},{\"@type\":\"ListItem\",\"position\":2,\"name\":\"Nueva Parroquia Basiliana\"}]},{\"@type\":\"WebSite\",\"@id\":\"https:\/\/basilian.org\/es\/#website\",\"url\":\"https:\/\/basilian.org\/es\/\",\"name\":\"Padres Basilianos\",\"description\":\"Congregaci\u00f3n de San Basilio\",\"publisher\":{\"@id\":\"https:\/\/basilian.org\/es\/#organization\"},\"potentialAction\":[{\"@type\":\"SearchAction\",\"target\":{\"@type\":\"EntryPoint\",\"urlTemplate\":\"https:\/\/basilian.org\/es\/?s={search_term_string}\"},\"query-input\":\"required name=search_term_string\"}],\"inLanguage\":\"es-MX\"},{\"@type\":\"Organization\",\"@id\":\"https:\/\/basilian.org\/es\/#organization\",\"name\":\"Congregation of St. Basil\",\"url\":\"https:\/\/basilian.org\/es\/\",\"logo\":{\"@type\":\"ImageObject\",\"inLanguage\":\"es-MX\",\"@id\":\"https:\/\/basilian.org\/es\/#\/schema\/logo\/image\/\",\"url\":\"https:\/\/basilian.org\/wp-content\/uploads\/2020\/08\/basilian-crest-new2.png\",\"contentUrl\":\"https:\/\/basilian.org\/wp-content\/uploads\/2020\/08\/basilian-crest-new2.png\",\"width\":250,\"height\":250,\"caption\":\"Congregation of St. Basil\"},\"image\":{\"@id\":\"https:\/\/basilian.org\/es\/#\/schema\/logo\/image\/\"}},{\"@type\":\"Person\",\"@id\":\"https:\/\/basilian.org\/es\/#\/schema\/person\/6e3c6386736ea490dbd112241a8874c1\",\"name\":\"Ilya Kovalevskiy\",\"image\":{\"@type\":\"ImageObject\",\"inLanguage\":\"es-MX\",\"@id\":\"https:\/\/basilian.org\/es\/#\/schema\/person\/image\/\",\"url\":\"https:\/\/secure.gravatar.com\/avatar\/da65155bbe88af2a5041b96031b1e26e?s=96&d=mm&r=g\",\"contentUrl\":\"https:\/\/secure.gravatar.com\/avatar\/da65155bbe88af2a5041b96031b1e26e?s=96&d=mm&r=g\",\"caption\":\"Ilya Kovalevskiy\"},\"url\":\"https:\/\/basilian.org\/es\/author\/ilya_csb\/\"}]}<\/script>\n<!-- \/ Yoast SEO plugin. -->","yoast_head_json":{"title":"Nueva Parroquia Basiliana - Padres Basilianos","robots":{"index":"index","follow":"follow","max-snippet":"max-snippet:-1","max-image-preview":"max-image-preview:large","max-video-preview":"max-video-preview:-1"},"canonical":"https:\/\/basilian.org\/es\/nueva-parroquia-basiliana\/","og_locale":"es_MX","og_type":"article","og_title":"Nueva Parroquia Basiliana - Padres Basilianos","og_description":"La comunidad parroquial de Nuestra Se\u00f1ora de Egipto celebr\u00f3 la entrega de la parroquia a los Padres Basilianos por parte de la Arquidi\u00f3cesis de Bogot\u00e1. El Padre Pedro Miguel Mora [&hellip;]","og_url":"https:\/\/basilian.org\/es\/nueva-parroquia-basiliana\/","og_site_name":"Padres Basilianos","article_published_time":"2023-03-06T20:20:47+00:00","article_modified_time":"2023-03-27T14:36:00+00:00","og_image":[{"width":900,"height":600,"url":"https:\/\/basilian.org\/wp-content\/uploads\/2023\/03\/our-lady-of-egypt-installation.jpg","type":"image\/jpeg"}],"author":"Ilya Kovalevskiy","twitter_card":"summary_large_image","twitter_misc":{"Escrito por":"Ilya Kovalevskiy","Tiempo de lectura":"3 minutos"},"schema":{"@context":"https:\/\/schema.org","@graph":[{"@type":"Article","@id":"https:\/\/basilian.org\/es\/nueva-parroquia-basiliana\/#article","isPartOf":{"@id":"https:\/\/basilian.org\/es\/nueva-parroquia-basiliana\/"},"author":{"name":"Ilya Kovalevskiy","@id":"https:\/\/basilian.org\/es\/#\/schema\/person\/6e3c6386736ea490dbd112241a8874c1"},"headline":"Nueva Parroquia Basiliana","datePublished":"2023-03-06T20:20:47+00:00","dateModified":"2023-03-27T14:36:00+00:00","mainEntityOfPage":{"@id":"https:\/\/basilian.org\/es\/nueva-parroquia-basiliana\/"},"wordCount":299,"publisher":{"@id":"https:\/\/basilian.org\/es\/#organization"},"articleSection":["Noticias generales"],"inLanguage":"es-MX"},{"@type":"WebPage","@id":"https:\/\/basilian.org\/es\/nueva-parroquia-basiliana\/","url":"https:\/\/basilian.org\/es\/nueva-parroquia-basiliana\/","name":"Nueva Parroquia Basiliana - Padres Basilianos","isPartOf":{"@id":"https:\/\/basilian.org\/es\/#website"},"datePublished":"2023-03-06T20:20:47+00:00","dateModified":"2023-03-27T14:36:00+00:00","breadcrumb":{"@id":"https:\/\/basilian.org\/es\/nueva-parroquia-basiliana\/#breadcrumb"},"inLanguage":"es-MX","potentialAction":[{"@type":"ReadAction","target":["https:\/\/basilian.org\/es\/nueva-parroquia-basiliana\/"]}]},{"@type":"BreadcrumbList","@id":"https:\/\/basilian.org\/es\/nueva-parroquia-basiliana\/#breadcrumb","itemListElement":[{"@type":"ListItem","position":1,"name":"Home","item":"https:\/\/basilian.org\/es\/"},{"@type":"ListItem","position":2,"name":"Nueva Parroquia Basiliana"}]},{"@type":"WebSite","@id":"https:\/\/basilian.org\/es\/#website","url":"https:\/\/basilian.org\/es\/","name":"Padres Basilianos","description":"Congregaci\u00f3n de San Basilio","publisher":{"@id":"https:\/\/basilian.org\/es\/#organization"},"potentialAction":[{"@type":"SearchAction","target":{"@type":"EntryPoint","urlTemplate":"https:\/\/basilian.org\/es\/?s={search_term_string}"},"query-input":"required name=search_term_string"}],"inLanguage":"es-MX"},{"@type":"Organization","@id":"https:\/\/basilian.org\/es\/#organization","name":"Congregation of St. Basil","url":"https:\/\/basilian.org\/es\/","logo":{"@type":"ImageObject","inLanguage":"es-MX","@id":"https:\/\/basilian.org\/es\/#\/schema\/logo\/image\/","url":"https:\/\/basilian.org\/wp-content\/uploads\/2020\/08\/basilian-crest-new2.png","contentUrl":"https:\/\/basilian.org\/wp-content\/uploads\/2020\/08\/basilian-crest-new2.png","width":250,"height":250,"caption":"Congregation of St. Basil"},"image":{"@id":"https:\/\/basilian.org\/es\/#\/schema\/logo\/image\/"}},{"@type":"Person","@id":"https:\/\/basilian.org\/es\/#\/schema\/person\/6e3c6386736ea490dbd112241a8874c1","name":"Ilya Kovalevskiy","image":{"@type":"ImageObject","inLanguage":"es-MX","@id":"https:\/\/basilian.org\/es\/#\/schema\/person\/image\/","url":"https:\/\/secure.gravatar.com\/avatar\/da65155bbe88af2a5041b96031b1e26e?s=96&d=mm&r=g","contentUrl":"https:\/\/secure.gravatar.com\/avatar\/da65155bbe88af2a5041b96031b1e26e?s=96&d=mm&r=g","caption":"Ilya Kovalevskiy"},"url":"https:\/\/basilian.org\/es\/author\/ilya_csb\/"}]}},"uagb_featured_image_src":{"full":["https:\/\/basilian.org\/wp-content\/uploads\/2023\/03\/our-lady-of-egypt-installation.jpg",900,600,false],"thumbnail":["https:\/\/basilian.org\/wp-content\/uploads\/2023\/03\/our-lady-of-egypt-installation-150x150.jpg",150,150,true],"medium":["https:\/\/basilian.org\/wp-content\/uploads\/2023\/03\/our-lady-of-egypt-installation-300x200.jpg",300,200,true],"medium_large":["https:\/\/basilian.org\/wp-content\/uploads\/2023\/03\/our-lady-of-egypt-installation-768x512.jpg",768,512,true],"large":["https:\/\/basilian.org\/wp-content\/uploads\/2023\/03\/our-lady-of-egypt-installation.jpg",900,600,false],"wpbgallery_admin_thumb":["https:\/\/basilian.org\/wp-content\/uploads\/2023\/03\/our-lady-of-egypt-installation-109x109.jpg",109,109,true],"wpbgallery_thumb":["https:\/\/basilian.org\/wp-content\/uploads\/2023\/03\/our-lady-of-egypt-installation-200x200.jpg",200,200,true],"1536x1536":["https:\/\/basilian.org\/wp-content\/uploads\/2023\/03\/our-lady-of-egypt-installation.jpg",900,600,false],"2048x2048":["https:\/\/basilian.org\/wp-content\/uploads\/2023\/03\/our-lady-of-egypt-installation.jpg",900,600,false],"featured":["https:\/\/basilian.org\/wp-content\/uploads\/2023\/03\/our-lady-of-egypt-installation-713x475.jpg",713,475,true]},"uagb_author_info":{"display_name":"Ilya Kovalevskiy","author_link":"https:\/\/basilian.org\/es\/author\/ilya_csb\/"},"uagb_comment_info":0,"uagb_excerpt":"La comunidad parroquial de Nuestra Se\u00f1ora de Egipto celebr\u00f3 la entrega de la parroquia a los Padres Basilianos por parte de la Arquidi\u00f3cesis de Bogot\u00e1. El Padre Pedro Miguel Mora [&hellip;]","_links":{"self":[{"href":"https:\/\/basilian.org\/es\/wp-json\/wp\/v2\/posts\/10045"}],"collection":[{"href":"https:\/\/basilian.org\/es\/wp-json\/wp\/v2\/posts"}],"about":[{"href":"https:\/\/basilian.org\/es\/wp-json\/wp\/v2\/types\/post"}],"author":[{"embeddable":true,"href":"https:\/\/basilian.org\/es\/wp-json\/wp\/v2\/users\/282"}],"replies":[{"embeddable":true,"href":"https:\/\/basilian.org\/es\/wp-json\/wp\/v2\/comments?post=10045"}],"version-history":[{"count":2,"href":"https:\/\/basilian.org\/es\/wp-json\/wp\/v2\/posts\/10045\/revisions"}],"predecessor-version":[{"id":10139,"href":"https:\/\/basilian.org\/es\/wp-json\/wp\/v2\/posts\/10045\/revisions\/10139"}],"wp:featuredmedia":[{"embeddable":true,"href":"https:\/\/basilian.org\/es\/wp-json\/wp\/v2\/media\/10019"}],"wp:attachment":[{"href":"https:\/\/basilian.org\/es\/wp-json\/wp\/v2\/media?parent=10045"}],"wp:term":[{"taxonomy":"category","embeddable":true,"href":"https:\/\/basilian.org\/es\/wp-json\/wp\/v2\/categories?post=10045"},{"taxonomy":"post_tag","embeddable":true,"href":"https:\/\/basilian.org\/es\/wp-json\/wp\/v2\/tags?post=10045"}],"curies":[{"name":"wp","href":"https:\/\/api.w.org\/{rel}","templated":true}]}}