{"id":8785,"date":"2022-01-17T12:17:35","date_gmt":"2022-01-17T17:17:35","guid":{"rendered":"https:\/\/basilian.org\/?p=8785"},"modified":"2022-01-17T12:19:31","modified_gmt":"2022-01-17T17:19:31","slug":"basilian-fathers-celebrate-the-priestly-ordination-of-father-antonio-ibanez-santos-csb","status":"publish","type":"post","link":"https:\/\/basilian.org\/en\/basilian-fathers-celebrate-the-priestly-ordination-of-father-antonio-ibanez-santos-csb\/","title":{"rendered":"Basilian Fathers Celebrate the Priestly Ordination of Father Antonio Ib\u00e1\u00f1ez Santos, CSB"},"content":{"rendered":"<p>On Saturday, January 8, 2022, The Congregation of St. Basil celebrated the priestly ordination of Father Antonio Ib\u00e1\u00f1ez Santos, CSB. Mons. Gonzalo Alonzo Calzada Guerrero presided at the Mass of Ordination, held at the Catedral de la Inmaculada Concepci\u00f3n in Tehuac\u00e1n, Puebla, M\u00e9xico<strong>. <\/strong><\/p>\n<p>\u201cThe ordination took place in the beautiful cathedral in Tehuac\u00e1n, and it&#8217;s beauty added to the solemnity and joy of the event.\u00a0 Most of the many men in formation for the Basilian Fathers in Mexico were present, including seven novices and several scholastics\u201d said Father John Huber, CSB.<\/p>\n<div id=\"wpbgallery_container\"><ul id=\"wpbgallery\" class=\"clearfix\"><li><a href=\"https:\/\/basilian.org\/wp-content\/uploads\/2022\/01\/imposition-of-hands-by-bishop.jpg\" title=\"\" data-gallery=\"\"><img loading=\"lazy\" decoding=\"async\" src=\"https:\/\/basilian.org\/wp-content\/uploads\/2022\/01\/imposition-of-hands-by-bishop-150x150.jpg\" width=\"150\" height=\"150\" alt=\"imposition of hands by bishop\" \/><\/a><\/li><li><a href=\"https:\/\/basilian.org\/wp-content\/uploads\/2022\/01\/Antonio-alone-ordained-2.jpg\" title=\"\" data-gallery=\"\"><img loading=\"lazy\" decoding=\"async\" src=\"https:\/\/basilian.org\/wp-content\/uploads\/2022\/01\/Antonio-alone-ordained-2-150x150.jpg\" width=\"150\" height=\"150\" alt=\"Antonio alone ordained (2)\" \/><\/a><\/li><li><a href=\"https:\/\/basilian.org\/wp-content\/uploads\/2022\/01\/Antonio-Prostrate-scaled.jpg\" title=\"\" data-gallery=\"\"><img loading=\"lazy\" decoding=\"async\" src=\"https:\/\/basilian.org\/wp-content\/uploads\/2022\/01\/Antonio-Prostrate-150x150.jpg\" width=\"150\" height=\"150\" alt=\"Antonio Prostrate\" \/><\/a><\/li><li><a href=\"https:\/\/basilian.org\/wp-content\/uploads\/2022\/01\/antonio-and-scholastics-and-associates.jpg\" title=\"\" data-gallery=\"\"><img loading=\"lazy\" decoding=\"async\" src=\"https:\/\/basilian.org\/wp-content\/uploads\/2022\/01\/antonio-and-scholastics-and-associates-150x150.jpg\" width=\"150\" height=\"150\" alt=\"antonio and scholastics and associates\" \/><\/a><\/li><li><a href=\"https:\/\/basilian.org\/wp-content\/uploads\/2022\/01\/Antonio-and-his-father-scaled.jpg\" title=\"\" data-gallery=\"\"><img loading=\"lazy\" decoding=\"async\" src=\"https:\/\/basilian.org\/wp-content\/uploads\/2022\/01\/Antonio-and-his-father-150x150.jpg\" width=\"150\" height=\"150\" alt=\"Antonio and his father\" \/><\/a><\/li><li><a href=\"https:\/\/basilian.org\/wp-content\/uploads\/2022\/01\/first-mass-all-basilians.jpg\" title=\"\" data-gallery=\"\"><img loading=\"lazy\" decoding=\"async\" src=\"https:\/\/basilian.org\/wp-content\/uploads\/2022\/01\/first-mass-all-basilians-150x150.jpg\" width=\"150\" height=\"150\" alt=\"first mass all basilians\" \/><\/a><\/li><li><a href=\"https:\/\/basilian.org\/wp-content\/uploads\/2022\/01\/Dan-Porter-laing-on-hands-scaled.jpg\" title=\"\" data-gallery=\"\"><img loading=\"lazy\" decoding=\"async\" src=\"https:\/\/basilian.org\/wp-content\/uploads\/2022\/01\/Dan-Porter-laing-on-hands-150x150.jpg\" width=\"150\" height=\"150\" alt=\"Dan Porter laing on hands\" \/><\/a><\/li><li><a href=\"https:\/\/basilian.org\/wp-content\/uploads\/2022\/01\/john-huber-imposes-hands.jpg\" title=\"\" data-gallery=\"\"><img loading=\"lazy\" decoding=\"async\" src=\"https:\/\/basilian.org\/wp-content\/uploads\/2022\/01\/john-huber-imposes-hands-150x150.jpg\" width=\"150\" height=\"150\" alt=\"john huber imposes hands\" \/><\/a><\/li><\/ul><\/div><div id=\"blueimp-gallery\" class=\"blueimp-gallery\" data-useBootstrapModal=\"1\" data-fullScreen=\"0\">\r\n            <div class=\"slides\"><\/div>\r\n            <h3 class=\"title\"><\/h3><a class=\"prev\">&#xffe9;<\/a>\r\n        <a class=\"next\">&#xffeb;<\/a>\r\n        <a class=\"close\">&#120;<\/a>\r\n        <a class=\"play-pause\"><\/a>\r\n        <ol class=\"indicator\"><\/ol>\r\n        <div class=\"modal fade\">\r\n            <div class=\"modal-dialog\">\r\n                <div class=\"modal-content\">\r\n                    <div class=\"modal-header\">\r\n                        <button type=\"button\" class=\"close\" aria-hidden=\"true\">&times;<\/button>\r\n                        <h4 class=\"modal-title\"><\/h4>\r\n                    <\/div>\r\n                    <div class=\"modal-body next\"><\/div>\r\n                    <div class=\"modal-footer\">\r\n                        <button type=\"button\" class=\"btn btn-default pull-left prev\">\r\n                            Previous\r\n                        <\/button>\r\n                        <button type=\"button\" class=\"btn btn-primary next\">\r\n                            Next\r\n                        <\/button>\r\n                    <\/div>\r\n                <\/div>\r\n            <\/div>\r\n        <\/div>\r\n    <\/div>\n<p>Ib\u00e1\u00f1ez Santos professed his final vows to the Congregation on Saturday, July 3, 2021 in the chapel of the Hermanas Instituto de Coadjutoras del Apostolado Social (ICAS) in Ocotl\u00e1n, Tlaxcala, Mexico and was ordained to the diaconate on Sunday, August 1 2021 at Parroquia San Lorenzo in Tehuac\u00e1n.<\/p>\n<p>He spent his pastoral year ministering in the parish of San Lorenzo and Tehuac\u00e1n, and now as a newly ordained priest, Father Antonio Ib\u00e1\u00f1ez Santos will be ministering sacramentally in the same parish.<\/p>\n<p>\u201cAntonio has been faithful, humble, and consistent in his hard work and dedication to the religious life over the past years of his formation. Undoubtedly, he will continue his dedication and humility as an ordained Basilian priest\u201d remarked Father John Huber, CSB.<\/p>\n<p><iframe loading=\"lazy\" style=\"border: none; overflow: hidden;\" src=\"https:\/\/www.facebook.com\/plugins\/video.php?height=288&amp;href=https%3A%2F%2Fwww.facebook.com%2FSantaIglesiaCatedraldeTehuacan%2Fvideos%2F777001359925076%2F&amp;show_text=false&amp;width=560&amp;t=0\" width=\"560\" height=\"288\" frameborder=\"0\" scrolling=\"no\" allowfullscreen=\"allowfullscreen\"><\/iframe><\/p>\n<p>&nbsp;<\/p>\n","protected":false},"excerpt":{"rendered":"<p>On Saturday, January 8, 2022, The Congregation of St. Basil celebrated the priestly ordination of Father Antonio Ib\u00e1\u00f1ez Santos, CSB. Mons. Gonzalo Alonzo Calzada Guerrero presided at the Mass of [&hellip;]<\/p>\n","protected":false},"author":37,"featured_media":8794,"comment_status":"closed","ping_status":"closed","sticky":false,"template":"","format":"standard","meta":{"_bbp_topic_count":0,"_bbp_reply_count":0,"_bbp_total_topic_count":0,"_bbp_total_reply_count":0,"_bbp_voice_count":0,"_bbp_anonymous_reply_count":0,"_bbp_topic_count_hidden":0,"_bbp_reply_count_hidden":0,"_bbp_forum_subforum_count":0,"_uag_custom_page_level_css":"","footnotes":""},"categories":[8],"tags":[],"acf":[],"yoast_head":"<!-- This site is optimized with the Yoast SEO plugin v20.3 - https:\/\/yoast.com\/wordpress\/plugins\/seo\/ -->\n<title>Basilian Fathers Celebrate the Priestly Ordination of Father Antonio Ib\u00e1\u00f1ez Santos, CSB - Basilian Fathers<\/title>\n<meta name=\"robots\" content=\"index, follow, max-snippet:-1, max-image-preview:large, max-video-preview:-1\" \/>\n<link rel=\"canonical\" href=\"https:\/\/basilian.org\/en\/basilian-fathers-celebrate-the-priestly-ordination-of-father-antonio-ibanez-santos-csb\/\" \/>\n<meta property=\"og:locale\" content=\"en_US\" \/>\n<meta property=\"og:type\" content=\"article\" \/>\n<meta property=\"og:title\" content=\"Basilian Fathers Celebrate the Priestly Ordination of Father Antonio Ib\u00e1\u00f1ez Santos, CSB - Basilian Fathers\" \/>\n<meta property=\"og:description\" content=\"On Saturday, January 8, 2022, The Congregation of St. Basil celebrated the priestly ordination of Father Antonio Ib\u00e1\u00f1ez Santos, CSB. Mons. Gonzalo Alonzo Calzada Guerrero presided at the Mass of [&hellip;]\" \/>\n<meta property=\"og:url\" content=\"https:\/\/basilian.org\/en\/basilian-fathers-celebrate-the-priestly-ordination-of-father-antonio-ibanez-santos-csb\/\" \/>\n<meta property=\"og:site_name\" content=\"Basilian Fathers\" \/>\n<meta property=\"article:published_time\" content=\"2022-01-17T17:17:35+00:00\" \/>\n<meta property=\"article:modified_time\" content=\"2022-01-17T17:19:31+00:00\" \/>\n<meta property=\"og:image\" content=\"https:\/\/basilian.org\/wp-content\/uploads\/2022\/01\/Antonio-and-Bishop-1-scaled.jpg\" \/>\n\t<meta property=\"og:image:width\" content=\"2560\" \/>\n\t<meta property=\"og:image:height\" content=\"1696\" \/>\n\t<meta property=\"og:image:type\" content=\"image\/jpeg\" \/>\n<meta name=\"author\" content=\"Amanda Parcher\" \/>\n<meta name=\"twitter:card\" content=\"summary_large_image\" \/>\n<meta name=\"twitter:label1\" content=\"Written by\" \/>\n\t<meta name=\"twitter:data1\" content=\"Amanda Parcher\" \/>\n\t<meta name=\"twitter:label2\" content=\"Est. reading time\" \/>\n\t<meta name=\"twitter:data2\" content=\"1 minute\" \/>\n<script type=\"application\/ld+json\" class=\"yoast-schema-graph\">{\"@context\":\"https:\/\/schema.org\",\"@graph\":[{\"@type\":\"Article\",\"@id\":\"https:\/\/basilian.org\/en\/basilian-fathers-celebrate-the-priestly-ordination-of-father-antonio-ibanez-santos-csb\/#article\",\"isPartOf\":{\"@id\":\"https:\/\/basilian.org\/en\/basilian-fathers-celebrate-the-priestly-ordination-of-father-antonio-ibanez-santos-csb\/\"},\"author\":{\"name\":\"Amanda Parcher\",\"@id\":\"https:\/\/basilian.org\/en\/#\/schema\/person\/005acef637a3dd7a7f178350d367101f\"},\"headline\":\"Basilian Fathers Celebrate the Priestly Ordination of Father Antonio Ib\u00e1\u00f1ez Santos, CSB\",\"datePublished\":\"2022-01-17T17:17:35+00:00\",\"dateModified\":\"2022-01-17T17:19:31+00:00\",\"mainEntityOfPage\":{\"@id\":\"https:\/\/basilian.org\/en\/basilian-fathers-celebrate-the-priestly-ordination-of-father-antonio-ibanez-santos-csb\/\"},\"wordCount\":234,\"publisher\":{\"@id\":\"https:\/\/basilian.org\/en\/#organization\"},\"articleSection\":[\"General News\"],\"inLanguage\":\"en-CA\"},{\"@type\":\"WebPage\",\"@id\":\"https:\/\/basilian.org\/en\/basilian-fathers-celebrate-the-priestly-ordination-of-father-antonio-ibanez-santos-csb\/\",\"url\":\"https:\/\/basilian.org\/en\/basilian-fathers-celebrate-the-priestly-ordination-of-father-antonio-ibanez-santos-csb\/\",\"name\":\"Basilian Fathers Celebrate the Priestly Ordination of Father Antonio Ib\u00e1\u00f1ez Santos, CSB - Basilian Fathers\",\"isPartOf\":{\"@id\":\"https:\/\/basilian.org\/en\/#website\"},\"datePublished\":\"2022-01-17T17:17:35+00:00\",\"dateModified\":\"2022-01-17T17:19:31+00:00\",\"breadcrumb\":{\"@id\":\"https:\/\/basilian.org\/en\/basilian-fathers-celebrate-the-priestly-ordination-of-father-antonio-ibanez-santos-csb\/#breadcrumb\"},\"inLanguage\":\"en-CA\",\"potentialAction\":[{\"@type\":\"ReadAction\",\"target\":[\"https:\/\/basilian.org\/en\/basilian-fathers-celebrate-the-priestly-ordination-of-father-antonio-ibanez-santos-csb\/\"]}]},{\"@type\":\"BreadcrumbList\",\"@id\":\"https:\/\/basilian.org\/en\/basilian-fathers-celebrate-the-priestly-ordination-of-father-antonio-ibanez-santos-csb\/#breadcrumb\",\"itemListElement\":[{\"@type\":\"ListItem\",\"position\":1,\"name\":\"Home\",\"item\":\"https:\/\/basilian.org\/en\/\"},{\"@type\":\"ListItem\",\"position\":2,\"name\":\"Basilian Fathers Celebrate the Priestly Ordination of Father Antonio Ib\u00e1\u00f1ez Santos, CSB\"}]},{\"@type\":\"WebSite\",\"@id\":\"https:\/\/basilian.org\/en\/#website\",\"url\":\"https:\/\/basilian.org\/en\/\",\"name\":\"Basilian Fathers\",\"description\":\"Congregation of St. Basil\",\"publisher\":{\"@id\":\"https:\/\/basilian.org\/en\/#organization\"},\"potentialAction\":[{\"@type\":\"SearchAction\",\"target\":{\"@type\":\"EntryPoint\",\"urlTemplate\":\"https:\/\/basilian.org\/en\/?s={search_term_string}\"},\"query-input\":\"required name=search_term_string\"}],\"inLanguage\":\"en-CA\"},{\"@type\":\"Organization\",\"@id\":\"https:\/\/basilian.org\/en\/#organization\",\"name\":\"Congregation of St. Basil\",\"url\":\"https:\/\/basilian.org\/en\/\",\"logo\":{\"@type\":\"ImageObject\",\"inLanguage\":\"en-CA\",\"@id\":\"https:\/\/basilian.org\/en\/#\/schema\/logo\/image\/\",\"url\":\"https:\/\/basilian.org\/wp-content\/uploads\/2020\/08\/basilian-crest-new2.png\",\"contentUrl\":\"https:\/\/basilian.org\/wp-content\/uploads\/2020\/08\/basilian-crest-new2.png\",\"width\":250,\"height\":250,\"caption\":\"Congregation of St. Basil\"},\"image\":{\"@id\":\"https:\/\/basilian.org\/en\/#\/schema\/logo\/image\/\"}},{\"@type\":\"Person\",\"@id\":\"https:\/\/basilian.org\/en\/#\/schema\/person\/005acef637a3dd7a7f178350d367101f\",\"name\":\"Amanda Parcher\",\"image\":{\"@type\":\"ImageObject\",\"inLanguage\":\"en-CA\",\"@id\":\"https:\/\/basilian.org\/en\/#\/schema\/person\/image\/\",\"url\":\"https:\/\/secure.gravatar.com\/avatar\/d4d9abce47db0490c667f724ba135335?s=96&d=mm&r=g\",\"contentUrl\":\"https:\/\/secure.gravatar.com\/avatar\/d4d9abce47db0490c667f724ba135335?s=96&d=mm&r=g\",\"caption\":\"Amanda Parcher\"},\"url\":\"https:\/\/basilian.org\/en\/author\/aparcher\/\"}]}<\/script>\n<!-- \/ Yoast SEO plugin. -->","yoast_head_json":{"title":"Basilian Fathers Celebrate the Priestly Ordination of Father Antonio Ib\u00e1\u00f1ez Santos, CSB - Basilian Fathers","robots":{"index":"index","follow":"follow","max-snippet":"max-snippet:-1","max-image-preview":"max-image-preview:large","max-video-preview":"max-video-preview:-1"},"canonical":"https:\/\/basilian.org\/en\/basilian-fathers-celebrate-the-priestly-ordination-of-father-antonio-ibanez-santos-csb\/","og_locale":"en_US","og_type":"article","og_title":"Basilian Fathers Celebrate the Priestly Ordination of Father Antonio Ib\u00e1\u00f1ez Santos, CSB - Basilian Fathers","og_description":"On Saturday, January 8, 2022, The Congregation of St. Basil celebrated the priestly ordination of Father Antonio Ib\u00e1\u00f1ez Santos, CSB. Mons. Gonzalo Alonzo Calzada Guerrero presided at the Mass of [&hellip;]","og_url":"https:\/\/basilian.org\/en\/basilian-fathers-celebrate-the-priestly-ordination-of-father-antonio-ibanez-santos-csb\/","og_site_name":"Basilian Fathers","article_published_time":"2022-01-17T17:17:35+00:00","article_modified_time":"2022-01-17T17:19:31+00:00","og_image":[{"width":2560,"height":1696,"url":"https:\/\/basilian.org\/wp-content\/uploads\/2022\/01\/Antonio-and-Bishop-1-scaled.jpg","type":"image\/jpeg"}],"author":"Amanda Parcher","twitter_card":"summary_large_image","twitter_misc":{"Written by":"Amanda Parcher","Est. reading time":"1 minute"},"schema":{"@context":"https:\/\/schema.org","@graph":[{"@type":"Article","@id":"https:\/\/basilian.org\/en\/basilian-fathers-celebrate-the-priestly-ordination-of-father-antonio-ibanez-santos-csb\/#article","isPartOf":{"@id":"https:\/\/basilian.org\/en\/basilian-fathers-celebrate-the-priestly-ordination-of-father-antonio-ibanez-santos-csb\/"},"author":{"name":"Amanda Parcher","@id":"https:\/\/basilian.org\/en\/#\/schema\/person\/005acef637a3dd7a7f178350d367101f"},"headline":"Basilian Fathers Celebrate the Priestly Ordination of Father Antonio Ib\u00e1\u00f1ez Santos, CSB","datePublished":"2022-01-17T17:17:35+00:00","dateModified":"2022-01-17T17:19:31+00:00","mainEntityOfPage":{"@id":"https:\/\/basilian.org\/en\/basilian-fathers-celebrate-the-priestly-ordination-of-father-antonio-ibanez-santos-csb\/"},"wordCount":234,"publisher":{"@id":"https:\/\/basilian.org\/en\/#organization"},"articleSection":["General News"],"inLanguage":"en-CA"},{"@type":"WebPage","@id":"https:\/\/basilian.org\/en\/basilian-fathers-celebrate-the-priestly-ordination-of-father-antonio-ibanez-santos-csb\/","url":"https:\/\/basilian.org\/en\/basilian-fathers-celebrate-the-priestly-ordination-of-father-antonio-ibanez-santos-csb\/","name":"Basilian Fathers Celebrate the Priestly Ordination of Father Antonio Ib\u00e1\u00f1ez Santos, CSB - Basilian Fathers","isPartOf":{"@id":"https:\/\/basilian.org\/en\/#website"},"datePublished":"2022-01-17T17:17:35+00:00","dateModified":"2022-01-17T17:19:31+00:00","breadcrumb":{"@id":"https:\/\/basilian.org\/en\/basilian-fathers-celebrate-the-priestly-ordination-of-father-antonio-ibanez-santos-csb\/#breadcrumb"},"inLanguage":"en-CA","potentialAction":[{"@type":"ReadAction","target":["https:\/\/basilian.org\/en\/basilian-fathers-celebrate-the-priestly-ordination-of-father-antonio-ibanez-santos-csb\/"]}]},{"@type":"BreadcrumbList","@id":"https:\/\/basilian.org\/en\/basilian-fathers-celebrate-the-priestly-ordination-of-father-antonio-ibanez-santos-csb\/#breadcrumb","itemListElement":[{"@type":"ListItem","position":1,"name":"Home","item":"https:\/\/basilian.org\/en\/"},{"@type":"ListItem","position":2,"name":"Basilian Fathers Celebrate the Priestly Ordination of Father Antonio Ib\u00e1\u00f1ez Santos, CSB"}]},{"@type":"WebSite","@id":"https:\/\/basilian.org\/en\/#website","url":"https:\/\/basilian.org\/en\/","name":"Basilian Fathers","description":"Congregation of St. Basil","publisher":{"@id":"https:\/\/basilian.org\/en\/#organization"},"potentialAction":[{"@type":"SearchAction","target":{"@type":"EntryPoint","urlTemplate":"https:\/\/basilian.org\/en\/?s={search_term_string}"},"query-input":"required name=search_term_string"}],"inLanguage":"en-CA"},{"@type":"Organization","@id":"https:\/\/basilian.org\/en\/#organization","name":"Congregation of St. Basil","url":"https:\/\/basilian.org\/en\/","logo":{"@type":"ImageObject","inLanguage":"en-CA","@id":"https:\/\/basilian.org\/en\/#\/schema\/logo\/image\/","url":"https:\/\/basilian.org\/wp-content\/uploads\/2020\/08\/basilian-crest-new2.png","contentUrl":"https:\/\/basilian.org\/wp-content\/uploads\/2020\/08\/basilian-crest-new2.png","width":250,"height":250,"caption":"Congregation of St. Basil"},"image":{"@id":"https:\/\/basilian.org\/en\/#\/schema\/logo\/image\/"}},{"@type":"Person","@id":"https:\/\/basilian.org\/en\/#\/schema\/person\/005acef637a3dd7a7f178350d367101f","name":"Amanda Parcher","image":{"@type":"ImageObject","inLanguage":"en-CA","@id":"https:\/\/basilian.org\/en\/#\/schema\/person\/image\/","url":"https:\/\/secure.gravatar.com\/avatar\/d4d9abce47db0490c667f724ba135335?s=96&d=mm&r=g","contentUrl":"https:\/\/secure.gravatar.com\/avatar\/d4d9abce47db0490c667f724ba135335?s=96&d=mm&r=g","caption":"Amanda Parcher"},"url":"https:\/\/basilian.org\/en\/author\/aparcher\/"}]}},"uagb_featured_image_src":{"full":["https:\/\/basilian.org\/wp-content\/uploads\/2022\/01\/Antonio-and-Bishop-1-scaled.jpg",2560,1696,false],"thumbnail":["https:\/\/basilian.org\/wp-content\/uploads\/2022\/01\/Antonio-and-Bishop-1-150x150.jpg",150,150,true],"medium":["https:\/\/basilian.org\/wp-content\/uploads\/2022\/01\/Antonio-and-Bishop-1-300x199.jpg",300,199,true],"medium_large":["https:\/\/basilian.org\/wp-content\/uploads\/2022\/01\/Antonio-and-Bishop-1-768x509.jpg",768,509,true],"large":["https:\/\/basilian.org\/wp-content\/uploads\/2022\/01\/Antonio-and-Bishop-1-1024x678.jpg",1024,678,true],"wpbgallery_admin_thumb":["https:\/\/basilian.org\/wp-content\/uploads\/2022\/01\/Antonio-and-Bishop-1-109x109.jpg",109,109,true],"wpbgallery_thumb":["https:\/\/basilian.org\/wp-content\/uploads\/2022\/01\/Antonio-and-Bishop-1-200x200.jpg",200,200,true],"1536x1536":["https:\/\/basilian.org\/wp-content\/uploads\/2022\/01\/Antonio-and-Bishop-1-1536x1017.jpg",1536,1017,true],"2048x2048":["https:\/\/basilian.org\/wp-content\/uploads\/2022\/01\/Antonio-and-Bishop-1-2048x1356.jpg",2048,1356,true],"featured":["https:\/\/basilian.org\/wp-content\/uploads\/2022\/01\/Antonio-and-Bishop-1-717x475.jpg",717,475,true]},"uagb_author_info":{"display_name":"Amanda Parcher","author_link":"https:\/\/basilian.org\/en\/author\/aparcher\/"},"uagb_comment_info":0,"uagb_excerpt":"On Saturday, January 8, 2022, The Congregation of St. Basil celebrated the priestly ordination of Father Antonio Ib\u00e1\u00f1ez Santos, CSB. Mons. Gonzalo Alonzo Calzada Guerrero presided at the Mass of [&hellip;]","_links":{"self":[{"href":"https:\/\/basilian.org\/en\/wp-json\/wp\/v2\/posts\/8785"}],"collection":[{"href":"https:\/\/basilian.org\/en\/wp-json\/wp\/v2\/posts"}],"about":[{"href":"https:\/\/basilian.org\/en\/wp-json\/wp\/v2\/types\/post"}],"author":[{"embeddable":true,"href":"https:\/\/basilian.org\/en\/wp-json\/wp\/v2\/users\/37"}],"replies":[{"embeddable":true,"href":"https:\/\/basilian.org\/en\/wp-json\/wp\/v2\/comments?post=8785"}],"version-history":[{"count":4,"href":"https:\/\/basilian.org\/en\/wp-json\/wp\/v2\/posts\/8785\/revisions"}],"predecessor-version":[{"id":8812,"href":"https:\/\/basilian.org\/en\/wp-json\/wp\/v2\/posts\/8785\/revisions\/8812"}],"wp:featuredmedia":[{"embeddable":true,"href":"https:\/\/basilian.org\/en\/wp-json\/wp\/v2\/media\/8794"}],"wp:attachment":[{"href":"https:\/\/basilian.org\/en\/wp-json\/wp\/v2\/media?parent=8785"}],"wp:term":[{"taxonomy":"category","embeddable":true,"href":"https:\/\/basilian.org\/en\/wp-json\/wp\/v2\/categories?post=8785"},{"taxonomy":"post_tag","embeddable":true,"href":"https:\/\/basilian.org\/en\/wp-json\/wp\/v2\/tags?post=8785"}],"curies":[{"name":"wp","href":"https:\/\/api.w.org\/{rel}","templated":true}]}}